{"id":1227,"date":"2025-03-11T20:52:56","date_gmt":"2025-03-11T19:52:56","guid":{"rendered":"http:\/\/ucepf.fr\/?p=1227"},"modified":"2025-05-28T17:45:08","modified_gmt":"2025-05-28T15:45:08","slug":"presentation-du-periple-2025","status":"publish","type":"post","link":"https:\/\/ucepf.fr\/?p=1227","title":{"rendered":"Pr\u00e9sentation du p\u00e9riple 2025"},"content":{"rendered":"<div id=\"fb-root\"><\/div>\n<p>Le p\u00e9riple 2025 se d\u00e9roulera du vendredi 6 au lundi 9 juin 2025, <span style=\"font-size: 14pt;\"><a href=\"https:\/\/www.grandetortue.com\/\"><strong>au camping de La grande Tortue, \u00e0 Cand\u00e9 sur Beuvron.\u00a0<\/strong><\/a><\/span><\/p>\n<p>&nbsp;<\/p>\n<p>Au programme du v\u00e9lo du v\u00e9lo du v\u00e9lo, des ch\u00e2teaux et encore des ch\u00e2teaux mais aussi de la bonne humeur, des visites et des promenades \u00e0 pieds\u00a0 pour d\u00e9couvrir les bords de Loire, du cot\u00e9 de Chambord, Cheverny, Chenonceaux.<\/p>\n<ul>\n<li><a href=\"https:\/\/www.strava.com\/routes\/3334630520556823298\"><span style=\"font-size: 14pt;\"><strong>Parcours du Vendredi<\/strong><\/span><\/a><\/li>\n<li><a href=\"https:\/\/www.strava.com\/routes\/3328408947952207664\"><strong><span style=\"font-size: 14pt;\">Parcours du Samedi\u00a0<\/span><\/strong><\/a><\/li>\n<li><a href=\"https:\/\/www.strava.com\/routes\/3328414533008539440\"><span style=\"font-size: 14pt;\"><strong>Parcours du Dimanche<\/strong><\/span><\/a><\/li>\n<li><a href=\"https:\/\/www.strava.com\/routes\/3334632644669235970\"><span style=\"font-size: 14pt;\"><strong>Parcours du Lundi<\/strong><\/span><\/a><\/li>\n<\/ul>\n<p>&nbsp;<\/p>\n<p>&nbsp;<\/p>\n<p>&nbsp;<\/p>\n<p>&nbsp;<\/p>\n","protected":false},"excerpt":{"rendered":"<p>Le p\u00e9riple 2025 se d\u00e9roulera du vendredi 6 au lundi 9 juin 2025, au camping de La grande Tortue, \u00e0 Cand\u00e9 sur Beuvron.\u00a0 &nbsp; Au programme du v\u00e9lo du v\u00e9lo [&hellip;]<\/p>\n","protected":false},"author":1,"featured_media":0,"comment_status":"closed","ping_status":"closed","sticky":false,"template":"","format":"standard","meta":{"_acf_changed":false,"jetpack_post_was_ever_published":false,"_jetpack_newsletter_access":"","_jetpack_dont_email_post_to_subs":false,"_jetpack_newsletter_tier_id":0,"_jetpack_memberships_contains_paywalled_content":false,"_jetpack_memberships_contains_paid_content":false,"footnotes":"","jetpack_publicize_message":"","jetpack_publicize_feature_enabled":true,"jetpack_social_post_already_shared":true,"jetpack_social_options":{"image_generator_settings":{"template":"highway","default_image_id":0,"font":"","enabled":false},"version":2}},"categories":[4,3],"tags":[],"class_list":{"0":"post-1227","1":"post","2":"type-post","3":"status-publish","4":"format-standard","6":"category-actualites-cyclo","7":"category-actualites-le-club","8":"czr-hentry"},"acf":[],"jetpack_publicize_connections":[],"jetpack_featured_media_url":"","jetpack_sharing_enabled":true,"jetpack_shortlink":"https:\/\/wp.me\/p9F3ze-jN","jetpack_likes_enabled":true,"jetpack-related-posts":[],"_links":{"self":[{"href":"https:\/\/ucepf.fr\/index.php?rest_route=\/wp\/v2\/posts\/1227","targetHints":{"allow":["GET"]}}],"collection":[{"href":"https:\/\/ucepf.fr\/index.php?rest_route=\/wp\/v2\/posts"}],"about":[{"href":"https:\/\/ucepf.fr\/index.php?rest_route=\/wp\/v2\/types\/post"}],"author":[{"embeddable":true,"href":"https:\/\/ucepf.fr\/index.php?rest_route=\/wp\/v2\/users\/1"}],"replies":[{"embeddable":true,"href":"https:\/\/ucepf.fr\/index.php?rest_route=%2Fwp%2Fv2%2Fcomments&post=1227"}],"version-history":[{"count":4,"href":"https:\/\/ucepf.fr\/index.php?rest_route=\/wp\/v2\/posts\/1227\/revisions"}],"predecessor-version":[{"id":1259,"href":"https:\/\/ucepf.fr\/index.php?rest_route=\/wp\/v2\/posts\/1227\/revisions\/1259"}],"wp:attachment":[{"href":"https:\/\/ucepf.fr\/index.php?rest_route=%2Fwp%2Fv2%2Fmedia&parent=1227"}],"wp:term":[{"taxonomy":"category","embeddable":true,"href":"https:\/\/ucepf.fr\/index.php?rest_route=%2Fwp%2Fv2%2Fcategories&post=1227"},{"taxonomy":"post_tag","embeddable":true,"href":"https:\/\/ucepf.fr\/index.php?rest_route=%2Fwp%2Fv2%2Ftags&post=1227"}],"curies":[{"name":"wp","href":"https:\/\/api.w.org\/{rel}","templated":true}]}}