{"id":1360,"date":"2026-03-10T21:36:46","date_gmt":"2026-03-10T20:36:46","guid":{"rendered":"https:\/\/ucepf.fr\/?p=1360"},"modified":"2026-03-10T21:36:46","modified_gmt":"2026-03-10T20:36:46","slug":"periple-2026","status":"publish","type":"post","link":"https:\/\/ucepf.fr\/?p=1360","title":{"rendered":"P\u00e9riple 2026"},"content":{"rendered":"<div id=\"fb-root\"><\/div>\n<p>Cette ann\u00e9e, nos cyclistes iront user les routes bretonnes en partant pour 4 jours dans le secteur de Bain de Bretagne.<\/p>\n<p>Les divers parcours seront publi\u00e9es prochainement&#8230;<\/p>\n<p>Le d\u00e9part partira d&rsquo;Entrammes le vendredi matin, en v\u00e9lo bien \u00e9videmment, afin de rejoindre leur dortoir au camping du Lac de Bain de Bretagne. S&rsquo;en suivra deux jours de d\u00e9couverte en v\u00e9lo le samedi et dimanche. Apr\u00e8s-midi loisirs et repos, esp\u00e9rant un soleil bien pr\u00e9sent.<\/p>\n<p>Le lundi, le p\u00e9riple se terminera en rejoignant la Gacilly avant de rentrer dans notre beau d\u00e9partement.<\/p>\n<p>&nbsp;<\/p>\n<div style=\"width: 464px;\" class=\"wp-video\"><video class=\"wp-video-shortcode\" id=\"video-1360-1\" width=\"464\" height=\"688\" preload=\"metadata\" controls=\"controls\"><source type=\"video\/mp4\" src=\"http:\/\/ucepf.fr\/wp-content\/uploads\/2026\/03\/video-periple.mp4?_=1\" \/><a href=\"http:\/\/ucepf.fr\/wp-content\/uploads\/2026\/03\/video-periple.mp4\">http:\/\/ucepf.fr\/wp-content\/uploads\/2026\/03\/video-periple.mp4<\/a><\/video><\/div>\n","protected":false},"excerpt":{"rendered":"<p>Cette ann\u00e9e, nos cyclistes iront user les routes bretonnes en partant pour 4 jours dans le secteur de Bain de Bretagne. Les divers parcours seront publi\u00e9es prochainement&#8230; Le d\u00e9part partira [&hellip;]<\/p>\n","protected":false},"author":1,"featured_media":0,"comment_status":"closed","ping_status":"closed","sticky":false,"template":"","format":"standard","meta":{"_acf_changed":false,"jetpack_post_was_ever_published":false,"_jetpack_newsletter_access":"","_jetpack_dont_email_post_to_subs":false,"_jetpack_newsletter_tier_id":0,"_jetpack_memberships_contains_paywalled_content":false,"_jetpack_memberships_contains_paid_content":false,"footnotes":"","jetpack_publicize_message":"","jetpack_publicize_feature_enabled":true,"jetpack_social_post_already_shared":true,"jetpack_social_options":{"image_generator_settings":{"template":"highway","default_image_id":0,"font":"","enabled":false},"version":2}},"categories":[4],"tags":[],"class_list":{"0":"post-1360","1":"post","2":"type-post","3":"status-publish","4":"format-standard","6":"category-actualites-cyclo","7":"czr-hentry"},"acf":[],"jetpack_publicize_connections":[],"jetpack_featured_media_url":"","jetpack_sharing_enabled":true,"jetpack_shortlink":"https:\/\/wp.me\/p9F3ze-lW","jetpack_likes_enabled":true,"jetpack-related-posts":[],"_links":{"self":[{"href":"https:\/\/ucepf.fr\/index.php?rest_route=\/wp\/v2\/posts\/1360","targetHints":{"allow":["GET"]}}],"collection":[{"href":"https:\/\/ucepf.fr\/index.php?rest_route=\/wp\/v2\/posts"}],"about":[{"href":"https:\/\/ucepf.fr\/index.php?rest_route=\/wp\/v2\/types\/post"}],"author":[{"embeddable":true,"href":"https:\/\/ucepf.fr\/index.php?rest_route=\/wp\/v2\/users\/1"}],"replies":[{"embeddable":true,"href":"https:\/\/ucepf.fr\/index.php?rest_route=%2Fwp%2Fv2%2Fcomments&post=1360"}],"version-history":[{"count":1,"href":"https:\/\/ucepf.fr\/index.php?rest_route=\/wp\/v2\/posts\/1360\/revisions"}],"predecessor-version":[{"id":1361,"href":"https:\/\/ucepf.fr\/index.php?rest_route=\/wp\/v2\/posts\/1360\/revisions\/1361"}],"wp:attachment":[{"href":"https:\/\/ucepf.fr\/index.php?rest_route=%2Fwp%2Fv2%2Fmedia&parent=1360"}],"wp:term":[{"taxonomy":"category","embeddable":true,"href":"https:\/\/ucepf.fr\/index.php?rest_route=%2Fwp%2Fv2%2Fcategories&post=1360"},{"taxonomy":"post_tag","embeddable":true,"href":"https:\/\/ucepf.fr\/index.php?rest_route=%2Fwp%2Fv2%2Ftags&post=1360"}],"curies":[{"name":"wp","href":"https:\/\/api.w.org\/{rel}","templated":true}]}}