{"id":150,"date":"2015-04-19T11:38:00","date_gmt":"2015-04-19T10:38:00","guid":{"rendered":"http:\/\/ucepf.fr\/?p=150"},"modified":"2015-04-19T11:43:05","modified_gmt":"2015-04-19T10:43:05","slug":"periple-dans-le-medoc","status":"publish","type":"post","link":"https:\/\/ucepf.fr\/?p=150","title":{"rendered":"P\u00e9riple dans le M\u00e9doc"},"content":{"rendered":"<div id=\"fb-root\"><\/div>\n<p>Comme tous les 2 ans, un p\u00e9riple est organis\u00e9 par le club. Cette ann\u00e9e il a \u00e9t\u00e9 privil\u00e9gi\u00e9 un parcours moins montagneux et plus adapt\u00e9 \u00e0 tous les cyclos. Il conduira les participants dans le M\u00e9doc, sur 4 jours en incluant un week-end afin de permettre \u00e0 ceux qui sont en activit\u00e9 d\u2019y participer.<\/p>\n<p>Neuf cyclos et 4 accompagnateurs ou accompagnatrices y prendront part.<\/p>\n<p>Le d\u00e9part se fera le vendredi 5 juin. Les 3 premi\u00e8res \u00e9tapes longues de 110 \u00e0 150 kms les conduiront d\u2019Entrammes \u00e0 Soulac sur mer (Gironde) avec \u00e9tapes dans un g\u00eete \u00e0 G\u00e9tign\u00e9 (Loire Atlantique), puis dans un camping \u00e0 la Faute sur Mer (Vend\u00e9e) et enfin dans un camping \u00e0 Soulac-sur- mer. La troisi\u00e8me \u00e9tape qui emm\u00e8nera les cyclos de La Faute \u00e0 Soulac, passera par le vieux port de la Rochelle, Rochefort et longera la mer en passant par l\u2019estuaire de la Seudre, berceau des huitres de Marennes. La travers\u00e9e de la Garonne se fera par Bac de Royan \u00e0 Verdon.<\/p>\n<p>La derni\u00e8re \u00e9tape, le lundi 8 juin et longue d\u2019environ 120 kms, conduira les cyclos de Soulac \u00e0 St Laurent du M\u00e9doc (Gironde) et empruntera des routes \u00e0 travers les vignobles du M\u00e9doc. Le retour se fera le 9 juin apr\u00e8s avoir pass\u00e9 la nuit dans un camping.<\/p>\n<p>Tous les cyclos ne participant pas \u00e0 ce p\u00e9riple et disponibles sont invit\u00e9s \u00e0 se joindre \u00e0 eux le 5 Juin \u00e0 9 Heures pour les accompagner sur quelques kilom\u00e8tres.<\/p>\n<p><a href=\"https:\/\/i0.wp.com\/ucepf.fr\/wp-content\/uploads\/2015\/04\/PERIPLE-page-15-e1429440078411.jpg?ssl=1\"><img data-recalc-dims=\"1\" loading=\"lazy\" decoding=\"async\" data-attachment-id=\"154\" data-permalink=\"https:\/\/ucepf.fr\/?attachment_id=154\" data-orig-file=\"https:\/\/i0.wp.com\/ucepf.fr\/wp-content\/uploads\/2015\/04\/PERIPLE-page-15-e1429440078411.jpg?fit=600%2C400&amp;ssl=1\" data-orig-size=\"600,400\" data-comments-opened=\"0\" data-image-meta=\"{&quot;aperture&quot;:&quot;11&quot;,&quot;credit&quot;:&quot;&quot;,&quot;camera&quot;:&quot;Canon EOS 5D Mark II&quot;,&quot;caption&quot;:&quot;&quot;,&quot;created_timestamp&quot;:&quot;1426934742&quot;,&quot;copyright&quot;:&quot;&quot;,&quot;focal_length&quot;:&quot;130&quot;,&quot;iso&quot;:&quot;400&quot;,&quot;shutter_speed&quot;:&quot;0.003125&quot;,&quot;title&quot;:&quot;&quot;,&quot;orientation&quot;:&quot;0&quot;}\" data-image-title=\"PERIPLE page 15\" data-image-description=\"\" data-image-caption=\"\" data-medium-file=\"https:\/\/i0.wp.com\/ucepf.fr\/wp-content\/uploads\/2015\/04\/PERIPLE-page-15-e1429440078411.jpg?fit=300%2C200&amp;ssl=1\" data-large-file=\"https:\/\/i0.wp.com\/ucepf.fr\/wp-content\/uploads\/2015\/04\/PERIPLE-page-15-e1429440078411.jpg?fit=1024%2C683&amp;ssl=1\" class=\" size-medium wp-image-154 aligncenter\" src=\"https:\/\/i0.wp.com\/ucepf.fr\/wp-content\/uploads\/2015\/04\/PERIPLE-page-15.jpg?resize=300%2C200&#038;ssl=1\" alt=\"PERIPLE page 15\" width=\"300\" height=\"200\" \/><\/a><\/p>\n","protected":false},"excerpt":{"rendered":"<p>Comme tous les 2 ans, un p\u00e9riple est organis\u00e9 par le club. Cette ann\u00e9e il a \u00e9t\u00e9 privil\u00e9gi\u00e9 un parcours moins montagneux et plus adapt\u00e9 \u00e0 tous les cyclos. Il [&hellip;]<\/p>\n","protected":false},"author":1,"featured_media":0,"comment_status":"closed","ping_status":"closed","sticky":false,"template":"","format":"standard","meta":{"_acf_changed":false,"jetpack_post_was_ever_published":false,"_jetpack_newsletter_access":"","_jetpack_dont_email_post_to_subs":false,"_jetpack_newsletter_tier_id":0,"_jetpack_memberships_contains_paywalled_content":false,"_jetpack_memberships_contains_paid_content":false,"footnotes":"","jetpack_publicize_message":"","jetpack_publicize_feature_enabled":true,"jetpack_social_post_already_shared":false,"jetpack_social_options":{"image_generator_settings":{"template":"highway","default_image_id":0,"font":"","enabled":false},"version":2}},"categories":[4,3],"tags":[],"class_list":{"0":"post-150","1":"post","2":"type-post","3":"status-publish","4":"format-standard","6":"category-actualites-cyclo","7":"category-actualites-le-club","8":"czr-hentry"},"acf":[],"jetpack_publicize_connections":[],"jetpack_featured_media_url":"","jetpack_sharing_enabled":true,"jetpack_shortlink":"https:\/\/wp.me\/p9F3ze-2q","jetpack_likes_enabled":true,"jetpack-related-posts":[],"_links":{"self":[{"href":"https:\/\/ucepf.fr\/index.php?rest_route=\/wp\/v2\/posts\/150","targetHints":{"allow":["GET"]}}],"collection":[{"href":"https:\/\/ucepf.fr\/index.php?rest_route=\/wp\/v2\/posts"}],"about":[{"href":"https:\/\/ucepf.fr\/index.php?rest_route=\/wp\/v2\/types\/post"}],"author":[{"embeddable":true,"href":"https:\/\/ucepf.fr\/index.php?rest_route=\/wp\/v2\/users\/1"}],"replies":[{"embeddable":true,"href":"https:\/\/ucepf.fr\/index.php?rest_route=%2Fwp%2Fv2%2Fcomments&post=150"}],"version-history":[{"count":2,"href":"https:\/\/ucepf.fr\/index.php?rest_route=\/wp\/v2\/posts\/150\/revisions"}],"predecessor-version":[{"id":156,"href":"https:\/\/ucepf.fr\/index.php?rest_route=\/wp\/v2\/posts\/150\/revisions\/156"}],"wp:attachment":[{"href":"https:\/\/ucepf.fr\/index.php?rest_route=%2Fwp%2Fv2%2Fmedia&parent=150"}],"wp:term":[{"taxonomy":"category","embeddable":true,"href":"https:\/\/ucepf.fr\/index.php?rest_route=%2Fwp%2Fv2%2Fcategories&post=150"},{"taxonomy":"post_tag","embeddable":true,"href":"https:\/\/ucepf.fr\/index.php?rest_route=%2Fwp%2Fv2%2Ftags&post=150"}],"curies":[{"name":"wp","href":"https:\/\/api.w.org\/{rel}","templated":true}]}}