{"id":160,"date":"2015-04-19T11:48:47","date_gmt":"2015-04-19T10:48:47","guid":{"rendered":"http:\/\/ucepf.fr\/?p=160"},"modified":"2015-04-19T11:49:10","modified_gmt":"2015-04-19T10:49:10","slug":"sortie-nocturne","status":"publish","type":"post","link":"https:\/\/ucepf.fr\/?p=160","title":{"rendered":"Sortie Nocturne"},"content":{"rendered":"<div id=\"fb-root\"><\/div>\n<p>&nbsp;<\/p>\n<p>Notre d\u00e9sormais traditionnelle sortie nocturne du dernier weekend de mai est pr\u00e9vue <strong><span style=\"text-decoration: underline;\">le vendredi 29 Mai 2015<\/span><\/strong><\/p>\n<p>&nbsp;<\/p>\n<p>Le rendez-vous est fix\u00e9 <strong><span style=\"text-decoration: underline;\">\u00e0 partir de 21h30 au Local du club 105 Rue d\u2019Anjou \u00e0 ENTRAMMES.<\/span><\/strong><\/p>\n<p>Un caf\u00e9 vous sera offert.<\/p>\n<p>&nbsp;<\/p>\n<p>Une photo de groupe sera faite avant le d\u00e9part.<\/p>\n<p>&nbsp;<\/p>\n<p><strong>Le d\u00e9part de la sortie se fera \u00e0 22h15 pr\u00e9cises.<\/strong><\/p>\n<p>&nbsp;<\/p>\n<p>Le circuit d&rsquo;environ 50 kms se fera group\u00e9.<\/p>\n<p>&nbsp;<\/p>\n<p>Cette sortie se faisant \u00e0 allure mod\u00e9r\u00e9e<strong>, <span style=\"text-decoration: underline;\">les v\u00e9t\u00e9tistes<\/span><\/strong> sont bien entendus convi\u00e9s \u00e0 se joindre aux cyclos.<\/p>\n<p>&nbsp;<\/p>\n<p><span style=\"text-decoration: underline;\">IMPORTANT\u00a0:<\/span><\/p>\n<p>Un <span style=\"text-decoration: underline;\">\u00e9clairage<\/span> minimum avant et feu arri\u00e8re ainsi qu&rsquo;un <span style=\"text-decoration: underline;\">gilet fluorescent<\/span> et bien \u00e9videmment le <span style=\"text-decoration: underline;\">casque<\/span> sont obligatoires. Sans oublier la<span style=\"text-decoration: underline;\"> bonne humeur<\/span>.<\/p>\n<p>&nbsp;<\/p>\n<p>&nbsp;<\/p>\n<p>A notre retour, le verre de l&rsquo;amiti\u00e9 puis un casse-cro\u00fbte r\u00e9confortant seront servis. <em><span style=\"text-decoration: underline;\">(A ce sujet si un dessert vous ferait plaisir, les g\u00e2teaux faits maison seront les bienvenus)<\/span><\/em><\/p>\n<p>&nbsp;<\/p>\n<p>Une <strong><span style=\"text-decoration: underline;\">participation de 3 \u20ac<\/span><\/strong> sera demand\u00e9e \u00e0 chaque participant.<\/p>\n<p>&nbsp;<\/p>\n<p>Je vous remercie de me r\u00e9pondre avant le <strong><span style=\"text-decoration: underline;\">20 mai<\/span><\/strong> par mail en m&rsquo;indiquant simplement <span style=\"text-decoration: underline;\">si vous participerez ou non<\/span> \u00e0 cette sortie ou par t\u00e9l\u00e9phone (Merci de laisser un message en cas d\u2019absence).<\/p>\n<p>&nbsp;<\/p>\n<p>&nbsp;<\/p>\n<p>Sportivement,<\/p>\n<p>&nbsp;<\/p>\n<p>Yves Lebreton<\/p>\n<p>Tr\u00e9sorier<\/p>\n<p>T\u00e9l 02.43.53.82.52<\/p>\n<p>Port. 06.81.64.94.89<\/p>\n<p>mail\u00a0: yglebreton@wanadoo.fr<\/p>\n","protected":false},"excerpt":{"rendered":"<p>&nbsp; Notre d\u00e9sormais traditionnelle sortie nocturne du dernier weekend de mai est pr\u00e9vue le vendredi 29 Mai 2015 &nbsp; Le rendez-vous est fix\u00e9 \u00e0 partir de 21h30 au Local du [&hellip;]<\/p>\n","protected":false},"author":1,"featured_media":0,"comment_status":"closed","ping_status":"closed","sticky":false,"template":"","format":"standard","meta":{"_acf_changed":false,"jetpack_post_was_ever_published":false,"_jetpack_newsletter_access":"","_jetpack_dont_email_post_to_subs":false,"_jetpack_newsletter_tier_id":0,"_jetpack_memberships_contains_paywalled_content":false,"_jetpack_memberships_contains_paid_content":false,"footnotes":"","jetpack_publicize_message":"","jetpack_publicize_feature_enabled":true,"jetpack_social_post_already_shared":false,"jetpack_social_options":{"image_generator_settings":{"template":"highway","default_image_id":0,"font":"","enabled":false},"version":2}},"categories":[4,3],"tags":[],"class_list":{"0":"post-160","1":"post","2":"type-post","3":"status-publish","4":"format-standard","6":"category-actualites-cyclo","7":"category-actualites-le-club","8":"czr-hentry"},"acf":[],"jetpack_publicize_connections":[],"jetpack_featured_media_url":"","jetpack_sharing_enabled":true,"jetpack_shortlink":"https:\/\/wp.me\/p9F3ze-2A","jetpack_likes_enabled":true,"jetpack-related-posts":[],"_links":{"self":[{"href":"https:\/\/ucepf.fr\/index.php?rest_route=\/wp\/v2\/posts\/160","targetHints":{"allow":["GET"]}}],"collection":[{"href":"https:\/\/ucepf.fr\/index.php?rest_route=\/wp\/v2\/posts"}],"about":[{"href":"https:\/\/ucepf.fr\/index.php?rest_route=\/wp\/v2\/types\/post"}],"author":[{"embeddable":true,"href":"https:\/\/ucepf.fr\/index.php?rest_route=\/wp\/v2\/users\/1"}],"replies":[{"embeddable":true,"href":"https:\/\/ucepf.fr\/index.php?rest_route=%2Fwp%2Fv2%2Fcomments&post=160"}],"version-history":[{"count":2,"href":"https:\/\/ucepf.fr\/index.php?rest_route=\/wp\/v2\/posts\/160\/revisions"}],"predecessor-version":[{"id":162,"href":"https:\/\/ucepf.fr\/index.php?rest_route=\/wp\/v2\/posts\/160\/revisions\/162"}],"wp:attachment":[{"href":"https:\/\/ucepf.fr\/index.php?rest_route=%2Fwp%2Fv2%2Fmedia&parent=160"}],"wp:term":[{"taxonomy":"category","embeddable":true,"href":"https:\/\/ucepf.fr\/index.php?rest_route=%2Fwp%2Fv2%2Fcategories&post=160"},{"taxonomy":"post_tag","embeddable":true,"href":"https:\/\/ucepf.fr\/index.php?rest_route=%2Fwp%2Fv2%2Ftags&post=160"}],"curies":[{"name":"wp","href":"https:\/\/api.w.org\/{rel}","templated":true}]}}