{"id":212,"date":"2015-07-19T21:12:49","date_gmt":"2015-07-19T20:12:49","guid":{"rendered":"http:\/\/ucepf.fr\/?p=212"},"modified":"2015-07-19T21:12:49","modified_gmt":"2015-07-19T20:12:49","slug":"resultats-denzo-boulet-au-trophee-de-france-des-jeunes-cyclistes","status":"publish","type":"post","link":"https:\/\/ucepf.fr\/?p=212","title":{"rendered":"R\u00e9sultats d&rsquo;Enzo Boulet au Troph\u00e9e de France des Jeunes Cyclistes"},"content":{"rendered":"<div id=\"fb-root\"><\/div>\n<div><a href=\"https:\/\/i0.wp.com\/ucepf.fr\/wp-content\/uploads\/2015\/07\/Enzo-TFJC.jpg?ssl=1\"><img data-recalc-dims=\"1\" loading=\"lazy\" decoding=\"async\" data-attachment-id=\"214\" data-permalink=\"https:\/\/ucepf.fr\/?attachment_id=214\" data-orig-file=\"https:\/\/i0.wp.com\/ucepf.fr\/wp-content\/uploads\/2015\/07\/Enzo-TFJC.jpg?fit=1936%2C2592&amp;ssl=1\" data-orig-size=\"1936,2592\" data-comments-opened=\"0\" data-image-meta=\"{&quot;aperture&quot;:&quot;2.8&quot;,&quot;credit&quot;:&quot;&quot;,&quot;camera&quot;:&quot;iPhone 4&quot;,&quot;caption&quot;:&quot;&quot;,&quot;created_timestamp&quot;:&quot;1436033267&quot;,&quot;copyright&quot;:&quot;&quot;,&quot;focal_length&quot;:&quot;3.85&quot;,&quot;iso&quot;:&quot;80&quot;,&quot;shutter_speed&quot;:&quot;0.0044843049327354&quot;,&quot;title&quot;:&quot;&quot;,&quot;orientation&quot;:&quot;1&quot;}\" data-image-title=\"Enzo, TFJC\" data-image-description=\"\" data-image-caption=\"\" data-medium-file=\"https:\/\/i0.wp.com\/ucepf.fr\/wp-content\/uploads\/2015\/07\/Enzo-TFJC.jpg?fit=224%2C300&amp;ssl=1\" data-large-file=\"https:\/\/i0.wp.com\/ucepf.fr\/wp-content\/uploads\/2015\/07\/Enzo-TFJC.jpg?fit=765%2C1024&amp;ssl=1\" class=\"alignnone size-medium wp-image-214\" src=\"https:\/\/i0.wp.com\/ucepf.fr\/wp-content\/uploads\/2015\/07\/Enzo-TFJC.jpg?resize=224%2C300&#038;ssl=1\" alt=\"Enzo, TFJC\" width=\"224\" height=\"300\" srcset=\"https:\/\/i0.wp.com\/ucepf.fr\/wp-content\/uploads\/2015\/07\/Enzo-TFJC.jpg?resize=224%2C300&amp;ssl=1 224w, https:\/\/i0.wp.com\/ucepf.fr\/wp-content\/uploads\/2015\/07\/Enzo-TFJC.jpg?resize=765%2C1024&amp;ssl=1 765w, https:\/\/i0.wp.com\/ucepf.fr\/wp-content\/uploads\/2015\/07\/Enzo-TFJC.jpg?w=1936&amp;ssl=1 1936w\" sizes=\"auto, (max-width: 224px) 100vw, 224px\" \/><\/a><\/div>\n<div>Le TFJC s\u2019est d\u00e9roul\u00e9 du 3 au 5 juillet \u00e0 St Etienne l\u00e8s Remiremonts (Vosges) sous une chaleur caniculaire. Enzo y participait avec la s\u00e9lection r\u00e9gionale des Pays de la Loire.<\/div>\n<div>Jeudi 2 juillet : Arriv\u00e9e de toutes les d\u00e9l\u00e9gations, d\u00e9couverte du site, de la chaleur \u00e9touffante.<\/div>\n<ul>\n<li style=\"color: #000000; font-family: 'Color Emoji', 'Calibri', 'Segoe UI', 'Meiryo', 'Microsoft YaHei UI', 'Microsoft JhengHei UI', 'Malgun Gothic', 'sans-serif'; font-size: 16px;\">\n<div>Vendredi 3 juillet : Le matin, nous avions l\u2019\u00e9preuve de m\u00e9canique. D\u00e9montage\/remontage de roue avant\/roue arri\u00e8re, changement de chambre \u00e0 air pour les minimes. Nous sommes class\u00e9s 5\u00e8me.<\/div>\n<\/li>\n<\/ul>\n<div>L\u2019apr\u00e8s-midi, nous avions 2 \u00e9preuves : QCM et\u00a0l\u2019\u00e9preuve de cyclo-cross par \u00e9quipe. Tr\u00e8s bonne prestation d\u2019Enzo sur le cyclo-cross, nous finissons 7\u00e8me. L\u2019\u00e9quipe se classe 8\u00e8me au QCM.<\/div>\n<ul>\n<li style=\"color: #000000; font-family: 'Color Emoji', 'Calibri', 'Segoe UI', 'Meiryo', 'Microsoft YaHei UI', 'Microsoft JhengHei UI', 'Malgun Gothic', 'sans-serif'; font-size: 16px;\">\n<div>Samedi 4 juillet : Le matin, \u00e9preuve de vitesse sur 300m en virage. Tr\u00e8s \u00e0 l\u2019aise et \u00e0 l\u2019\u00e9coute des consignes, Enzo se qualifie pour la grande finale o\u00f9 il se classe 3\u00e8me de l\u2019\u00e9preuve des benjamins. Tr\u00e8s bonne prestation. L\u2019\u00e9quipe des PDL se classe 2\u00e8me de la vitesse<\/div>\n<\/li>\n<\/ul>\n<div>L\u2019apr\u00e8s-midi, contre-la-montre par \u00e9quipe. Enzo partait dans la 3\u00e8me s\u00e9rie avec le 2\u00e8me benjamins et les 2 minimes. Il r\u00e9alise le 4\u00e8me temps toutes \u00e9quipe confondue. L\u2019\u00e9quipe des PDL se classe 8\u00e8me.<\/div>\n<ul>\n<li style=\"color: #000000; font-family: 'Color Emoji', 'Calibri', 'Segoe UI', 'Meiryo', 'Microsoft YaHei UI', 'Microsoft JhengHei UI', 'Malgun Gothic', 'sans-serif'; font-size: 16px;\">\n<div>Dimanche, derni\u00e8re \u00e9preuve, la course sur route. Parti en 1\u00e8re ligne, Enzo a fait la course \u00e0 l\u2019avant. Tr\u00e8s attentif et bien en forme. Il termine 3\u00e8me de la course apr\u00e8s avoir \u00e9t\u00e9 g\u00ean\u00e9 au 200m, devant stopper son sprint pour \u00e9viter la chute.<\/div>\n<\/li>\n<\/ul>\n<div style=\"color: #000000; font-family: 'Color Emoji', 'Calibri', 'Segoe UI', 'Meiryo', 'Microsoft YaHei UI', 'Microsoft JhengHei UI', 'Malgun Gothic', 'sans-serif'; font-size: 16px;\">L\u2019\u00e9quipe des PDL termine 4\u00e8me au g\u00e9n\u00e9ral de ce troph\u00e9e de France.<\/div>\n<div style=\"color: #000000; font-family: 'Color Emoji', 'Calibri', 'Segoe UI', 'Meiryo', 'Microsoft YaHei UI', 'Microsoft JhengHei UI', 'Malgun Gothic', 'sans-serif'; font-size: 16px;\"><\/div>\n<div style=\"color: #000000; font-family: 'Color Emoji', 'Calibri', 'Segoe UI', 'Meiryo', 'Microsoft YaHei UI', 'Microsoft JhengHei UI', 'Malgun Gothic', 'sans-serif'; font-size: 16px;\">Marion Paumier.<\/div>\n","protected":false},"excerpt":{"rendered":"<p>Le TFJC s\u2019est d\u00e9roul\u00e9 du 3 au 5 juillet \u00e0 St Etienne l\u00e8s Remiremonts (Vosges) sous une chaleur caniculaire. Enzo y participait avec la s\u00e9lection r\u00e9gionale des Pays de la [&hellip;]<\/p>\n","protected":false},"author":4,"featured_media":0,"comment_status":"closed","ping_status":"closed","sticky":false,"template":"","format":"standard","meta":{"_acf_changed":false,"jetpack_post_was_ever_published":false,"_jetpack_newsletter_access":"","_jetpack_dont_email_post_to_subs":false,"_jetpack_newsletter_tier_id":0,"_jetpack_memberships_contains_paywalled_content":false,"_jetpack_memberships_contains_paid_content":false,"footnotes":"","jetpack_publicize_message":"","jetpack_publicize_feature_enabled":true,"jetpack_social_post_already_shared":false,"jetpack_social_options":{"image_generator_settings":{"template":"highway","default_image_id":0,"font":"","enabled":false},"version":2}},"categories":[5],"tags":[],"class_list":{"0":"post-212","1":"post","2":"type-post","3":"status-publish","4":"format-standard","6":"category-actualites-ecole-de-velo","7":"czr-hentry"},"acf":[],"jetpack_publicize_connections":[],"jetpack_featured_media_url":"","jetpack_sharing_enabled":true,"jetpack_shortlink":"https:\/\/wp.me\/p9F3ze-3q","jetpack_likes_enabled":true,"jetpack-related-posts":[],"_links":{"self":[{"href":"https:\/\/ucepf.fr\/index.php?rest_route=\/wp\/v2\/posts\/212","targetHints":{"allow":["GET"]}}],"collection":[{"href":"https:\/\/ucepf.fr\/index.php?rest_route=\/wp\/v2\/posts"}],"about":[{"href":"https:\/\/ucepf.fr\/index.php?rest_route=\/wp\/v2\/types\/post"}],"author":[{"embeddable":true,"href":"https:\/\/ucepf.fr\/index.php?rest_route=\/wp\/v2\/users\/4"}],"replies":[{"embeddable":true,"href":"https:\/\/ucepf.fr\/index.php?rest_route=%2Fwp%2Fv2%2Fcomments&post=212"}],"version-history":[{"count":2,"href":"https:\/\/ucepf.fr\/index.php?rest_route=\/wp\/v2\/posts\/212\/revisions"}],"predecessor-version":[{"id":216,"href":"https:\/\/ucepf.fr\/index.php?rest_route=\/wp\/v2\/posts\/212\/revisions\/216"}],"wp:attachment":[{"href":"https:\/\/ucepf.fr\/index.php?rest_route=%2Fwp%2Fv2%2Fmedia&parent=212"}],"wp:term":[{"taxonomy":"category","embeddable":true,"href":"https:\/\/ucepf.fr\/index.php?rest_route=%2Fwp%2Fv2%2Fcategories&post=212"},{"taxonomy":"post_tag","embeddable":true,"href":"https:\/\/ucepf.fr\/index.php?rest_route=%2Fwp%2Fv2%2Ftags&post=212"}],"curies":[{"name":"wp","href":"https:\/\/api.w.org\/{rel}","templated":true}]}}