{"id":222,"date":"2015-08-04T21:37:23","date_gmt":"2015-08-04T20:37:23","guid":{"rendered":"http:\/\/ucepf.fr\/?p=222"},"modified":"2015-08-04T21:37:23","modified_gmt":"2015-08-04T20:37:23","slug":"finale-de-la-coupe-de-france-dame","status":"publish","type":"post","link":"https:\/\/ucepf.fr\/?p=222","title":{"rendered":"Finale de la Coupe de France dame"},"content":{"rendered":"<div id=\"fb-root\"><\/div>\n<p>Les 1er et 2 ao\u00fbt derniers, Lisa Gu\u00e9rin (Junior 1)\u00a0\u00e9tait retenue avec la s\u00e9lection r\u00e9gionale des Pays de la Loire pour disputer la derni\u00e8re manche (sur 4) de la Coupe de France Seniors-Juniors Dames\u00a02015, le Tour des Charentes Maritimes. Le tout en 3 \u00e9tapes.<\/p>\n<p>Samedi, 105,8 kms en ligne : Lisa, retard\u00e9e par des ennuis m\u00e9caniques, finie dans un 2\u00e8 peloton, \u00e0 la 57\u00e8 place (15\u00e8 junior).<\/p>\n<p>Dimanche matin, CLM individuel 10,1 kms : Lisa r\u00e9alise le 56\u00e8 temps.<\/p>\n<p>Dimanche apr\u00e8s-midi,95.5 kms en ligne : \u00e0 bout de force, Lisa ne va pas au bout de cette \u00e9tape.<\/p>\n<p>Ces 2 jours de courses devraient mettre Lisa dans les meilleurs conditions pour les Championnats de France de l&rsquo;Avenir 2015 qui se d\u00e9rouleront aux Pieux (50), le samedi 22 ao\u00fbt prochain.<\/p>\n","protected":false},"excerpt":{"rendered":"<p>Les 1er et 2 ao\u00fbt derniers, Lisa Gu\u00e9rin (Junior 1)\u00a0\u00e9tait retenue avec la s\u00e9lection r\u00e9gionale des Pays de la Loire pour disputer la derni\u00e8re manche (sur 4) de la Coupe [&hellip;]<\/p>\n","protected":false},"author":4,"featured_media":0,"comment_status":"closed","ping_status":"closed","sticky":false,"template":"","format":"standard","meta":{"_acf_changed":false,"jetpack_post_was_ever_published":false,"_jetpack_newsletter_access":"","_jetpack_dont_email_post_to_subs":false,"_jetpack_newsletter_tier_id":0,"_jetpack_memberships_contains_paywalled_content":false,"_jetpack_memberships_contains_paid_content":false,"footnotes":"","jetpack_publicize_message":"","jetpack_publicize_feature_enabled":true,"jetpack_social_post_already_shared":false,"jetpack_social_options":{"image_generator_settings":{"template":"highway","default_image_id":0,"font":"","enabled":false},"version":2}},"categories":[6],"tags":[],"class_list":{"0":"post-222","1":"post","2":"type-post","3":"status-publish","4":"format-standard","6":"category-actualites-competitions","7":"czr-hentry"},"acf":[],"jetpack_publicize_connections":[],"jetpack_featured_media_url":"","jetpack_sharing_enabled":true,"jetpack_shortlink":"https:\/\/wp.me\/p9F3ze-3A","jetpack_likes_enabled":true,"jetpack-related-posts":[],"_links":{"self":[{"href":"https:\/\/ucepf.fr\/index.php?rest_route=\/wp\/v2\/posts\/222","targetHints":{"allow":["GET"]}}],"collection":[{"href":"https:\/\/ucepf.fr\/index.php?rest_route=\/wp\/v2\/posts"}],"about":[{"href":"https:\/\/ucepf.fr\/index.php?rest_route=\/wp\/v2\/types\/post"}],"author":[{"embeddable":true,"href":"https:\/\/ucepf.fr\/index.php?rest_route=\/wp\/v2\/users\/4"}],"replies":[{"embeddable":true,"href":"https:\/\/ucepf.fr\/index.php?rest_route=%2Fwp%2Fv2%2Fcomments&post=222"}],"version-history":[{"count":1,"href":"https:\/\/ucepf.fr\/index.php?rest_route=\/wp\/v2\/posts\/222\/revisions"}],"predecessor-version":[{"id":223,"href":"https:\/\/ucepf.fr\/index.php?rest_route=\/wp\/v2\/posts\/222\/revisions\/223"}],"wp:attachment":[{"href":"https:\/\/ucepf.fr\/index.php?rest_route=%2Fwp%2Fv2%2Fmedia&parent=222"}],"wp:term":[{"taxonomy":"category","embeddable":true,"href":"https:\/\/ucepf.fr\/index.php?rest_route=%2Fwp%2Fv2%2Fcategories&post=222"},{"taxonomy":"post_tag","embeddable":true,"href":"https:\/\/ucepf.fr\/index.php?rest_route=%2Fwp%2Fv2%2Ftags&post=222"}],"curies":[{"name":"wp","href":"https:\/\/api.w.org\/{rel}","templated":true}]}}