{"id":227,"date":"2015-08-20T12:08:45","date_gmt":"2015-08-20T11:08:45","guid":{"rendered":"http:\/\/ucepf.fr\/?p=227"},"modified":"2015-08-20T12:08:45","modified_gmt":"2015-08-20T11:08:45","slug":"francois-douyere-a-fini-son-paris-brest-paris","status":"publish","type":"post","link":"https:\/\/ucepf.fr\/?p=227","title":{"rendered":"Fran\u00e7ois Douy\u00e8re a fini son Paris-Brest-Paris"},"content":{"rendered":"<div id=\"fb-root\"><\/div>\n<p>Parti dimanche 16 ao\u00fbt \u00e019h46, Fran\u00e7ois Douy\u00e8re a boucl\u00e9 l&rsquo;aller-retour entre Paris et Brest ce jeudi matin \u00e0 6h32.<\/p>\n<p>Pour parcourir ces 1230 kms, il lui aura donc fallu 82h46mn de v\u00e9lo (\u00e0 la vitesse moyenne de 14,8 km\/h) et tr\u00e8s peu de sommeil &#8230;<\/p>\n<p>Retrouvez ces pointages ici, avec le num\u00e9ro de plaque S222 : http:\/\/suivi.paris-brest-paris.org\/<\/p>\n<p>F\u00e9licitations Fran\u00e7ois pour avoir accompli cet objectif que tu t&rsquo;\u00e9tais fix\u00e9 depuis plus d&rsquo;un an maintenant.<\/p>\n","protected":false},"excerpt":{"rendered":"<p>Parti dimanche 16 ao\u00fbt \u00e019h46, Fran\u00e7ois Douy\u00e8re a boucl\u00e9 l&rsquo;aller-retour entre Paris et Brest ce jeudi matin \u00e0 6h32. Pour parcourir ces 1230 kms, il lui aura donc fallu 82h46mn [&hellip;]<\/p>\n","protected":false},"author":4,"featured_media":0,"comment_status":"closed","ping_status":"closed","sticky":false,"template":"","format":"standard","meta":{"_acf_changed":false,"jetpack_post_was_ever_published":false,"_jetpack_newsletter_access":"","_jetpack_dont_email_post_to_subs":false,"_jetpack_newsletter_tier_id":0,"_jetpack_memberships_contains_paywalled_content":false,"_jetpack_memberships_contains_paid_content":false,"footnotes":"","jetpack_publicize_message":"","jetpack_publicize_feature_enabled":true,"jetpack_social_post_already_shared":false,"jetpack_social_options":{"image_generator_settings":{"template":"highway","default_image_id":0,"font":"","enabled":false},"version":2}},"categories":[4],"tags":[],"class_list":{"0":"post-227","1":"post","2":"type-post","3":"status-publish","4":"format-standard","6":"category-actualites-cyclo","7":"czr-hentry"},"acf":[],"jetpack_publicize_connections":[],"jetpack_featured_media_url":"","jetpack_sharing_enabled":true,"jetpack_shortlink":"https:\/\/wp.me\/p9F3ze-3F","jetpack_likes_enabled":true,"jetpack-related-posts":[],"_links":{"self":[{"href":"https:\/\/ucepf.fr\/index.php?rest_route=\/wp\/v2\/posts\/227","targetHints":{"allow":["GET"]}}],"collection":[{"href":"https:\/\/ucepf.fr\/index.php?rest_route=\/wp\/v2\/posts"}],"about":[{"href":"https:\/\/ucepf.fr\/index.php?rest_route=\/wp\/v2\/types\/post"}],"author":[{"embeddable":true,"href":"https:\/\/ucepf.fr\/index.php?rest_route=\/wp\/v2\/users\/4"}],"replies":[{"embeddable":true,"href":"https:\/\/ucepf.fr\/index.php?rest_route=%2Fwp%2Fv2%2Fcomments&post=227"}],"version-history":[{"count":1,"href":"https:\/\/ucepf.fr\/index.php?rest_route=\/wp\/v2\/posts\/227\/revisions"}],"predecessor-version":[{"id":228,"href":"https:\/\/ucepf.fr\/index.php?rest_route=\/wp\/v2\/posts\/227\/revisions\/228"}],"wp:attachment":[{"href":"https:\/\/ucepf.fr\/index.php?rest_route=%2Fwp%2Fv2%2Fmedia&parent=227"}],"wp:term":[{"taxonomy":"category","embeddable":true,"href":"https:\/\/ucepf.fr\/index.php?rest_route=%2Fwp%2Fv2%2Fcategories&post=227"},{"taxonomy":"post_tag","embeddable":true,"href":"https:\/\/ucepf.fr\/index.php?rest_route=%2Fwp%2Fv2%2Ftags&post=227"}],"curies":[{"name":"wp","href":"https:\/\/api.w.org\/{rel}","templated":true}]}}