{"id":233,"date":"2015-08-31T18:54:22","date_gmt":"2015-08-31T17:54:22","guid":{"rendered":"http:\/\/ucepf.fr\/?p=233"},"modified":"2015-08-31T18:54:22","modified_gmt":"2015-08-31T17:54:22","slug":"resultats-du-30-aout","status":"publish","type":"post","link":"https:\/\/ucepf.fr\/?p=233","title":{"rendered":"r\u00e9sultats du 30 ao\u00fbt"},"content":{"rendered":"<div id=\"fb-root\"><\/div>\n<p>A Marcey les Gr\u00e8ves (50), les jeunes de \u00e9cole de v\u00e9lo \u00e9taient \u00e0 l&rsquo;honneur.<\/p>\n<p>En poussins, Charlotte Barascud termine 3\u00e8 et 1\u00e8re fille.<\/p>\n<p>En pupilles, Eliott Boulet est 5\u00e8me, devant Priscille Barascud 15\u00e8 et 1\u00e8re fille.<\/p>\n<p>En benjamins, Enzo Boulet s&rsquo;impose alors que Marlyse finit 17\u00e8 et 2nde fille.<\/p>\n<p>&nbsp;<\/p>\n<p>Lisa Gu\u00e9rin (junior)\u00a0prend la 32\u00e8 place \u00e0 Baguer-Pican (35) en D1-D2.<\/p>\n<p>&nbsp;<\/p>\n<p>Ga\u00ebl Leriche se classe 8\u00e8 \u00e0 Mulsanne (72)\u00a0en D3.<\/p>\n","protected":false},"excerpt":{"rendered":"<p>A Marcey les Gr\u00e8ves (50), les jeunes de \u00e9cole de v\u00e9lo \u00e9taient \u00e0 l&rsquo;honneur. En poussins, Charlotte Barascud termine 3\u00e8 et 1\u00e8re fille. En pupilles, Eliott Boulet est 5\u00e8me, devant [&hellip;]<\/p>\n","protected":false},"author":4,"featured_media":0,"comment_status":"closed","ping_status":"closed","sticky":false,"template":"","format":"standard","meta":{"_acf_changed":false,"jetpack_post_was_ever_published":false,"_jetpack_newsletter_access":"","_jetpack_dont_email_post_to_subs":false,"_jetpack_newsletter_tier_id":0,"_jetpack_memberships_contains_paywalled_content":false,"_jetpack_memberships_contains_paid_content":false,"footnotes":"","jetpack_publicize_message":"","jetpack_publicize_feature_enabled":true,"jetpack_social_post_already_shared":false,"jetpack_social_options":{"image_generator_settings":{"template":"highway","default_image_id":0,"font":"","enabled":false},"version":2}},"categories":[6,5],"tags":[],"class_list":{"0":"post-233","1":"post","2":"type-post","3":"status-publish","4":"format-standard","6":"category-actualites-competitions","7":"category-actualites-ecole-de-velo","8":"czr-hentry"},"acf":[],"jetpack_publicize_connections":[],"jetpack_featured_media_url":"","jetpack_sharing_enabled":true,"jetpack_shortlink":"https:\/\/wp.me\/p9F3ze-3L","jetpack_likes_enabled":true,"jetpack-related-posts":[],"_links":{"self":[{"href":"https:\/\/ucepf.fr\/index.php?rest_route=\/wp\/v2\/posts\/233","targetHints":{"allow":["GET"]}}],"collection":[{"href":"https:\/\/ucepf.fr\/index.php?rest_route=\/wp\/v2\/posts"}],"about":[{"href":"https:\/\/ucepf.fr\/index.php?rest_route=\/wp\/v2\/types\/post"}],"author":[{"embeddable":true,"href":"https:\/\/ucepf.fr\/index.php?rest_route=\/wp\/v2\/users\/4"}],"replies":[{"embeddable":true,"href":"https:\/\/ucepf.fr\/index.php?rest_route=%2Fwp%2Fv2%2Fcomments&post=233"}],"version-history":[{"count":1,"href":"https:\/\/ucepf.fr\/index.php?rest_route=\/wp\/v2\/posts\/233\/revisions"}],"predecessor-version":[{"id":234,"href":"https:\/\/ucepf.fr\/index.php?rest_route=\/wp\/v2\/posts\/233\/revisions\/234"}],"wp:attachment":[{"href":"https:\/\/ucepf.fr\/index.php?rest_route=%2Fwp%2Fv2%2Fmedia&parent=233"}],"wp:term":[{"taxonomy":"category","embeddable":true,"href":"https:\/\/ucepf.fr\/index.php?rest_route=%2Fwp%2Fv2%2Fcategories&post=233"},{"taxonomy":"post_tag","embeddable":true,"href":"https:\/\/ucepf.fr\/index.php?rest_route=%2Fwp%2Fv2%2Ftags&post=233"}],"curies":[{"name":"wp","href":"https:\/\/api.w.org\/{rel}","templated":true}]}}