{"id":238,"date":"2015-09-14T21:52:44","date_gmt":"2015-09-14T19:52:44","guid":{"rendered":"http:\/\/ucepf.fr\/?p=238"},"modified":"2015-09-14T21:52:44","modified_gmt":"2015-09-14T19:52:44","slug":"resultats-des-12-13-septembre","status":"publish","type":"post","link":"https:\/\/ucepf.fr\/?p=238","title":{"rendered":"r\u00e9sultats des 12-13 septembre"},"content":{"rendered":"<div id=\"fb-root\"><\/div>\n<p><a href=\"https:\/\/i0.wp.com\/ucepf.fr\/wp-content\/uploads\/2015\/09\/GUERIN-Lisa-Meslay-pass.jpg?ssl=1\"><img data-recalc-dims=\"1\" loading=\"lazy\" decoding=\"async\" data-attachment-id=\"239\" data-permalink=\"https:\/\/ucepf.fr\/?attachment_id=239\" data-orig-file=\"https:\/\/i0.wp.com\/ucepf.fr\/wp-content\/uploads\/2015\/09\/GUERIN-Lisa-Meslay-pass.jpg?fit=3104%2C1746&amp;ssl=1\" data-orig-size=\"3104,1746\" data-comments-opened=\"0\" data-image-meta=\"{&quot;aperture&quot;:&quot;2.4&quot;,&quot;credit&quot;:&quot;&quot;,&quot;camera&quot;:&quot;Xperia M2&quot;,&quot;caption&quot;:&quot;&quot;,&quot;created_timestamp&quot;:&quot;1442080858&quot;,&quot;copyright&quot;:&quot;&quot;,&quot;focal_length&quot;:&quot;2.87&quot;,&quot;iso&quot;:&quot;100&quot;,&quot;shutter_speed&quot;:&quot;0.0023419203747073&quot;,&quot;title&quot;:&quot;&quot;,&quot;orientation&quot;:&quot;1&quot;}\" data-image-title=\"GUERIN Lisa &amp;#8211; Meslay pass\" data-image-description=\"\" data-image-caption=\"\" data-medium-file=\"https:\/\/i0.wp.com\/ucepf.fr\/wp-content\/uploads\/2015\/09\/GUERIN-Lisa-Meslay-pass.jpg?fit=300%2C169&amp;ssl=1\" data-large-file=\"https:\/\/i0.wp.com\/ucepf.fr\/wp-content\/uploads\/2015\/09\/GUERIN-Lisa-Meslay-pass.jpg?fit=1024%2C576&amp;ssl=1\" class=\"alignnone size-medium wp-image-239\" src=\"https:\/\/i0.wp.com\/ucepf.fr\/wp-content\/uploads\/2015\/09\/GUERIN-Lisa-Meslay-pass.jpg?resize=300%2C169&#038;ssl=1\" alt=\"GUERIN Lisa - Meslay pass\" width=\"300\" height=\"169\" srcset=\"https:\/\/i0.wp.com\/ucepf.fr\/wp-content\/uploads\/2015\/09\/GUERIN-Lisa-Meslay-pass.jpg?resize=300%2C169&amp;ssl=1 300w, https:\/\/i0.wp.com\/ucepf.fr\/wp-content\/uploads\/2015\/09\/GUERIN-Lisa-Meslay-pass.jpg?resize=1024%2C576&amp;ssl=1 1024w, https:\/\/i0.wp.com\/ucepf.fr\/wp-content\/uploads\/2015\/09\/GUERIN-Lisa-Meslay-pass.jpg?w=2340&amp;ssl=1 2340w\" sizes=\"auto, (max-width: 300px) 100vw, 300px\" \/><\/a><\/p>\n<p>Renaz\u00e9, piste pour les \u00e9coles de v\u00e9lo, samedi<\/p>\n<p>poussin : Charlotte 8\u00e8 et 1\u00e8re fille, Thomas 10\u00e8<\/p>\n<p>pupilles : Eliott 5\u00e8 et Priscille 13\u00e8 et 1\u00e8re fille<\/p>\n<p>benjamins : Enzo 1er (24\u00e8 victoire de sa saison), Pierre 4\u00e8, Marlyse 25\u00e8 et 4\u00e8 fille, Noa 31\u00e8 et Antonin 35\u00e8<\/p>\n<p>minimes : Clothilde 15\u00e8 et 3\u00e8 fille, Sol\u00e8ne 16 et 4\u00e8 fille.<\/p>\n<p>&nbsp;<\/p>\n<p>Meslay-du-Maine, pass&rsquo;cyclisme D1-D2-D3, samedi<\/p>\n<p>Lisa Gu\u00e9rin, junior, termine dans le peloton et termine 1\u00e8re f\u00e9minine de l&rsquo;\u00e9preuve (27\u00e8 de l&rsquo;\u00e9preuve). Suivent juste derri\u00e8re William Montais 32\u00e8 et Laurent M\u00e9tayer 40\u00e8. Ci-jointe, la photo du podium avec Lisa.<\/p>\n<p>&nbsp;<\/p>\n<p>La Chapelle sur Oudon (49), pass&rsquo;cyclisme D3-D4, dimanche<\/p>\n<p>Emmanuel Ledoux termine 15\u00e8 de la course.<\/p>\n","protected":false},"excerpt":{"rendered":"<p>Renaz\u00e9, piste pour les \u00e9coles de v\u00e9lo, samedi poussin : Charlotte 8\u00e8 et 1\u00e8re fille, Thomas 10\u00e8 pupilles : Eliott 5\u00e8 et Priscille 13\u00e8 et 1\u00e8re fille benjamins : Enzo [&hellip;]<\/p>\n","protected":false},"author":4,"featured_media":0,"comment_status":"closed","ping_status":"closed","sticky":false,"template":"","format":"standard","meta":{"_acf_changed":false,"jetpack_post_was_ever_published":false,"_jetpack_newsletter_access":"","_jetpack_dont_email_post_to_subs":false,"_jetpack_newsletter_tier_id":0,"_jetpack_memberships_contains_paywalled_content":false,"_jetpack_memberships_contains_paid_content":false,"footnotes":"","jetpack_publicize_message":"","jetpack_publicize_feature_enabled":true,"jetpack_social_post_already_shared":false,"jetpack_social_options":{"image_generator_settings":{"template":"highway","default_image_id":0,"font":"","enabled":false},"version":2}},"categories":[6,5],"tags":[],"class_list":{"0":"post-238","1":"post","2":"type-post","3":"status-publish","4":"format-standard","6":"category-actualites-competitions","7":"category-actualites-ecole-de-velo","8":"czr-hentry"},"acf":[],"jetpack_publicize_connections":[],"jetpack_featured_media_url":"","jetpack_sharing_enabled":true,"jetpack_shortlink":"https:\/\/wp.me\/p9F3ze-3Q","jetpack_likes_enabled":true,"jetpack-related-posts":[],"_links":{"self":[{"href":"https:\/\/ucepf.fr\/index.php?rest_route=\/wp\/v2\/posts\/238","targetHints":{"allow":["GET"]}}],"collection":[{"href":"https:\/\/ucepf.fr\/index.php?rest_route=\/wp\/v2\/posts"}],"about":[{"href":"https:\/\/ucepf.fr\/index.php?rest_route=\/wp\/v2\/types\/post"}],"author":[{"embeddable":true,"href":"https:\/\/ucepf.fr\/index.php?rest_route=\/wp\/v2\/users\/4"}],"replies":[{"embeddable":true,"href":"https:\/\/ucepf.fr\/index.php?rest_route=%2Fwp%2Fv2%2Fcomments&post=238"}],"version-history":[{"count":2,"href":"https:\/\/ucepf.fr\/index.php?rest_route=\/wp\/v2\/posts\/238\/revisions"}],"predecessor-version":[{"id":241,"href":"https:\/\/ucepf.fr\/index.php?rest_route=\/wp\/v2\/posts\/238\/revisions\/241"}],"wp:attachment":[{"href":"https:\/\/ucepf.fr\/index.php?rest_route=%2Fwp%2Fv2%2Fmedia&parent=238"}],"wp:term":[{"taxonomy":"category","embeddable":true,"href":"https:\/\/ucepf.fr\/index.php?rest_route=%2Fwp%2Fv2%2Fcategories&post=238"},{"taxonomy":"post_tag","embeddable":true,"href":"https:\/\/ucepf.fr\/index.php?rest_route=%2Fwp%2Fv2%2Ftags&post=238"}],"curies":[{"name":"wp","href":"https:\/\/api.w.org\/{rel}","templated":true}]}}