{"id":257,"date":"2015-10-03T19:54:53","date_gmt":"2015-10-03T17:54:53","guid":{"rendered":"http:\/\/ucepf.fr\/?p=257"},"modified":"2015-10-03T19:54:53","modified_gmt":"2015-10-03T17:54:53","slug":"recents-resultats-de-lecole-de-velo","status":"publish","type":"post","link":"https:\/\/ucepf.fr\/?p=257","title":{"rendered":"r\u00e9cents r\u00e9sultats de l&rsquo;\u00e9cole de v\u00e9lo"},"content":{"rendered":"<div id=\"fb-root\"><\/div>\n<p><strong>Rennes Cleunay, 26 septembre<\/strong><\/p>\n<p>Poussins : Charlotte 7\u00e8 et 1\u00e8re fille<\/p>\n<p>Pupilles : Eliott 2\u00e8 ; Priscille 3\u00e8 fille<\/p>\n<p>Benjamins : Enzo 3\u00e8 ; Marlyse 2\u00e8 fille.<\/p>\n<p>&nbsp;<\/p>\n<p>Finale des samedis de la piste, v\u00e9lodrome du Mans, 03 octobre<\/p>\n<p>Poussins : Charlotte 4\u00e8 et 1\u00e8re fille<\/p>\n<p>Pupilles : Eliott 1er ; Priscille 1\u00e8re fille<\/p>\n<p>Benjamins : Enzo 1er ; Pierre 7\u00e8 ; Marlyse 6\u00e8 et 1\u00e8re fille<\/p>\n<p>Minimes : Sol\u00e8ne 5\u00e8 fille ; Clotilde 7\u00e8 fille.<\/p>\n","protected":false},"excerpt":{"rendered":"<p>Rennes Cleunay, 26 septembre Poussins : Charlotte 7\u00e8 et 1\u00e8re fille Pupilles : Eliott 2\u00e8 ; Priscille 3\u00e8 fille Benjamins : Enzo 3\u00e8 ; Marlyse 2\u00e8 fille. &nbsp; Finale des [&hellip;]<\/p>\n","protected":false},"author":4,"featured_media":0,"comment_status":"closed","ping_status":"closed","sticky":false,"template":"","format":"standard","meta":{"_acf_changed":false,"jetpack_post_was_ever_published":false,"_jetpack_newsletter_access":"","_jetpack_dont_email_post_to_subs":false,"_jetpack_newsletter_tier_id":0,"_jetpack_memberships_contains_paywalled_content":false,"_jetpack_memberships_contains_paid_content":false,"footnotes":"","jetpack_publicize_message":"","jetpack_publicize_feature_enabled":true,"jetpack_social_post_already_shared":false,"jetpack_social_options":{"image_generator_settings":{"template":"highway","default_image_id":0,"font":"","enabled":false},"version":2}},"categories":[5],"tags":[],"class_list":{"0":"post-257","1":"post","2":"type-post","3":"status-publish","4":"format-standard","6":"category-actualites-ecole-de-velo","7":"czr-hentry"},"acf":[],"jetpack_publicize_connections":[],"jetpack_featured_media_url":"","jetpack_sharing_enabled":true,"jetpack_shortlink":"https:\/\/wp.me\/p9F3ze-49","jetpack_likes_enabled":true,"jetpack-related-posts":[],"_links":{"self":[{"href":"https:\/\/ucepf.fr\/index.php?rest_route=\/wp\/v2\/posts\/257","targetHints":{"allow":["GET"]}}],"collection":[{"href":"https:\/\/ucepf.fr\/index.php?rest_route=\/wp\/v2\/posts"}],"about":[{"href":"https:\/\/ucepf.fr\/index.php?rest_route=\/wp\/v2\/types\/post"}],"author":[{"embeddable":true,"href":"https:\/\/ucepf.fr\/index.php?rest_route=\/wp\/v2\/users\/4"}],"replies":[{"embeddable":true,"href":"https:\/\/ucepf.fr\/index.php?rest_route=%2Fwp%2Fv2%2Fcomments&post=257"}],"version-history":[{"count":1,"href":"https:\/\/ucepf.fr\/index.php?rest_route=\/wp\/v2\/posts\/257\/revisions"}],"predecessor-version":[{"id":258,"href":"https:\/\/ucepf.fr\/index.php?rest_route=\/wp\/v2\/posts\/257\/revisions\/258"}],"wp:attachment":[{"href":"https:\/\/ucepf.fr\/index.php?rest_route=%2Fwp%2Fv2%2Fmedia&parent=257"}],"wp:term":[{"taxonomy":"category","embeddable":true,"href":"https:\/\/ucepf.fr\/index.php?rest_route=%2Fwp%2Fv2%2Fcategories&post=257"},{"taxonomy":"post_tag","embeddable":true,"href":"https:\/\/ucepf.fr\/index.php?rest_route=%2Fwp%2Fv2%2Ftags&post=257"}],"curies":[{"name":"wp","href":"https:\/\/api.w.org\/{rel}","templated":true}]}}