{"id":550,"date":"2016-12-09T14:10:35","date_gmt":"2016-12-09T13:10:35","guid":{"rendered":"http:\/\/ucepf.fr\/?p=550"},"modified":"2016-12-09T14:10:35","modified_gmt":"2016-12-09T13:10:35","slug":"sortie-telethon-2016","status":"publish","type":"post","link":"https:\/\/ucepf.fr\/?p=550","title":{"rendered":"Sortie T\u00e9l\u00e9thon 2016"},"content":{"rendered":"<div id=\"fb-root\"><\/div>\n<p>Retour sur la sortie T\u00e9l\u00e9thon qui a eu lieu le samedi 3 d\u00e9cembre. C&rsquo;est une trentaine de cyclo accompagn\u00e9 de quelques coureurs et jeunes de l&rsquo;\u00e9cole de v\u00e9lo qui se sont retrouv\u00e9s \u00e0 Forc\u00e9 pour effectuer une sortie d&rsquo;environ 50km sous le soleil, la fraicheur et le vent pr\u00e9sent \u00e9galement.<br \/>\nLa sortie s&rsquo;est bien d\u00e9roul\u00e9e, dans la bonne ambiance.<br \/>\nMerci \u00e0 tous les participants.<a href=\"https:\/\/i0.wp.com\/ucepf.fr\/wp-content\/uploads\/2016\/12\/P1050368.jpg?ssl=1\" rel=\"attachment wp-att-551\"><img data-recalc-dims=\"1\" loading=\"lazy\" decoding=\"async\" data-attachment-id=\"551\" data-permalink=\"https:\/\/ucepf.fr\/?attachment_id=551\" data-orig-file=\"https:\/\/i0.wp.com\/ucepf.fr\/wp-content\/uploads\/2016\/12\/P1050368.jpg?fit=4320%2C2880&amp;ssl=1\" data-orig-size=\"4320,2880\" data-comments-opened=\"0\" data-image-meta=\"{&quot;aperture&quot;:&quot;3.8&quot;,&quot;credit&quot;:&quot;&quot;,&quot;camera&quot;:&quot;DMC-TZ18&quot;,&quot;caption&quot;:&quot;&quot;,&quot;created_timestamp&quot;:&quot;1480774460&quot;,&quot;copyright&quot;:&quot;&quot;,&quot;focal_length&quot;:&quot;6.8&quot;,&quot;iso&quot;:&quot;160&quot;,&quot;shutter_speed&quot;:&quot;0.005&quot;,&quot;title&quot;:&quot;&quot;,&quot;orientation&quot;:&quot;1&quot;}\" data-image-title=\"p1050368\" data-image-description=\"\" data-image-caption=\"\" data-medium-file=\"https:\/\/i0.wp.com\/ucepf.fr\/wp-content\/uploads\/2016\/12\/P1050368.jpg?fit=300%2C200&amp;ssl=1\" data-large-file=\"https:\/\/i0.wp.com\/ucepf.fr\/wp-content\/uploads\/2016\/12\/P1050368.jpg?fit=1024%2C683&amp;ssl=1\" class=\"alignnone size-medium wp-image-551\" src=\"https:\/\/i0.wp.com\/ucepf.fr\/wp-content\/uploads\/2016\/12\/P1050368.jpg?resize=300%2C200&#038;ssl=1\" alt=\"p1050368\" width=\"300\" height=\"200\" srcset=\"https:\/\/i0.wp.com\/ucepf.fr\/wp-content\/uploads\/2016\/12\/P1050368.jpg?resize=300%2C200&amp;ssl=1 300w, https:\/\/i0.wp.com\/ucepf.fr\/wp-content\/uploads\/2016\/12\/P1050368.jpg?resize=768%2C512&amp;ssl=1 768w, https:\/\/i0.wp.com\/ucepf.fr\/wp-content\/uploads\/2016\/12\/P1050368.jpg?resize=1024%2C683&amp;ssl=1 1024w, https:\/\/i0.wp.com\/ucepf.fr\/wp-content\/uploads\/2016\/12\/P1050368.jpg?resize=272%2C182&amp;ssl=1 272w, https:\/\/i0.wp.com\/ucepf.fr\/wp-content\/uploads\/2016\/12\/P1050368.jpg?w=2340&amp;ssl=1 2340w, https:\/\/i0.wp.com\/ucepf.fr\/wp-content\/uploads\/2016\/12\/P1050368.jpg?w=3510&amp;ssl=1 3510w\" sizes=\"auto, (max-width: 300px) 100vw, 300px\" \/><\/a><\/p>\n","protected":false},"excerpt":{"rendered":"<p>Retour sur la sortie T\u00e9l\u00e9thon qui a eu lieu le samedi 3 d\u00e9cembre. C&rsquo;est une trentaine de cyclo accompagn\u00e9 de quelques coureurs et jeunes de l&rsquo;\u00e9cole de v\u00e9lo qui se [&hellip;]<\/p>\n","protected":false},"author":6,"featured_media":0,"comment_status":"closed","ping_status":"closed","sticky":false,"template":"","format":"standard","meta":{"_acf_changed":false,"jetpack_post_was_ever_published":false,"_jetpack_newsletter_access":"","_jetpack_dont_email_post_to_subs":false,"_jetpack_newsletter_tier_id":0,"_jetpack_memberships_contains_paywalled_content":false,"_jetpack_memberships_contains_paid_content":false,"footnotes":"","jetpack_publicize_message":"","jetpack_publicize_feature_enabled":true,"jetpack_social_post_already_shared":false,"jetpack_social_options":{"image_generator_settings":{"template":"highway","default_image_id":0,"font":"","enabled":false},"version":2}},"categories":[1],"tags":[],"class_list":{"0":"post-550","1":"post","2":"type-post","3":"status-publish","4":"format-standard","6":"category-non-classe","7":"czr-hentry"},"acf":[],"jetpack_publicize_connections":[],"jetpack_featured_media_url":"","jetpack_sharing_enabled":true,"jetpack_shortlink":"https:\/\/wp.me\/p9F3ze-8S","jetpack_likes_enabled":true,"jetpack-related-posts":[],"_links":{"self":[{"href":"https:\/\/ucepf.fr\/index.php?rest_route=\/wp\/v2\/posts\/550","targetHints":{"allow":["GET"]}}],"collection":[{"href":"https:\/\/ucepf.fr\/index.php?rest_route=\/wp\/v2\/posts"}],"about":[{"href":"https:\/\/ucepf.fr\/index.php?rest_route=\/wp\/v2\/types\/post"}],"author":[{"embeddable":true,"href":"https:\/\/ucepf.fr\/index.php?rest_route=\/wp\/v2\/users\/6"}],"replies":[{"embeddable":true,"href":"https:\/\/ucepf.fr\/index.php?rest_route=%2Fwp%2Fv2%2Fcomments&post=550"}],"version-history":[{"count":1,"href":"https:\/\/ucepf.fr\/index.php?rest_route=\/wp\/v2\/posts\/550\/revisions"}],"predecessor-version":[{"id":552,"href":"https:\/\/ucepf.fr\/index.php?rest_route=\/wp\/v2\/posts\/550\/revisions\/552"}],"wp:attachment":[{"href":"https:\/\/ucepf.fr\/index.php?rest_route=%2Fwp%2Fv2%2Fmedia&parent=550"}],"wp:term":[{"taxonomy":"category","embeddable":true,"href":"https:\/\/ucepf.fr\/index.php?rest_route=%2Fwp%2Fv2%2Fcategories&post=550"},{"taxonomy":"post_tag","embeddable":true,"href":"https:\/\/ucepf.fr\/index.php?rest_route=%2Fwp%2Fv2%2Ftags&post=550"}],"curies":[{"name":"wp","href":"https:\/\/api.w.org\/{rel}","templated":true}]}}